{"id":227,"date":"2011-04-25T14:20:11","date_gmt":"2011-04-25T12:20:11","guid":{"rendered":"http:\/\/www.torrevado.org\/?p=227"},"modified":"2011-02-27T00:22:40","modified_gmt":"2011-02-26T22:22:40","slug":"ponte-del-2-maggio-a-torre-vado","status":"publish","type":"post","link":"https:\/\/www.torrevado.org\/index.php\/torre-vado\/ponte-del-2-maggio-a-torre-vado.html","title":{"rendered":"Ponte del 2 maggio a Torre Vado"},"content":{"rendered":"<p>Ponte del 2 maggio a <strong><a href=\"https:\/\/www.torrevado.info\/\" target=\"_blank\">Torre Vado<\/a><\/strong>, per assaporare in anticipo quello che sar\u00e0 il piacevole intervallo delle prossime vacanze estive. Ammirare il mare pregustando le lunghe nuotate, i tuffi e le immersioni future. Se poi il tempo \u00e8 particolarmente favorevole si potr\u00e0 anche tentare anche qualche timido approccio in mare con brevi nuotate, tanto per pregustarsi il piacere del mare.<\/p>\n<p><a href=\"https:\/\/www.torrevado.org\/wp-content\/uploads\/2009\/05\/torrepali_colucci.jpg\"><img loading=\"lazy\" decoding=\"async\" class=\"alignnone size-full wp-image-172\" src=\"https:\/\/www.torrevado.org\/wp-content\/uploads\/2009\/05\/torrepali_colucci.jpg\" alt=\"\" width=\"500\" height=\"374\" srcset=\"https:\/\/www.torrevado.org\/wp-content\/uploads\/2009\/05\/torrepali_colucci.jpg 550w, https:\/\/www.torrevado.org\/wp-content\/uploads\/2009\/05\/torrepali_colucci-300x224.jpg 300w\" sizes=\"auto, (max-width: 500px) 100vw, 500px\" \/><\/a><\/p>\n<p>In citt\u00e0 fervono in questa stagione i preparativi per la stagione balneare, molte strutture alberghiere aprono le porte ai primi ospiti e gli stabilimenti balneari rispolverano sedie sdraio ed ombrelloni che cominciano ad allinearsi lungo le spiagge.<\/p>\n<p>Anche chi volesse trovare una sistemazione autonoma in case o appartamenti in affitto potr\u00e0 gi\u00e0 trovare interessanti offerte, oltretutto a prezzi decisamente abbordabili e vantaggiosi, visto che siamo ancora in bassa stagione.<\/p>\n<p>Se \u00e8 la prima volta che ci si reca in <strong>Salento<\/strong> le cose da vedere, i luoghi da visitare ed i piaceri da assaporare sono tantissimi, ed anche per chi \u00e8 gi\u00e0 esperto l&#8217;occasione di una vacanza durante il ponte del 2 maggio sar\u00e0 l&#8217;occasione per riprendere il viaggio alla scoperta di una regione, il <span>Salento<\/span> che merita di essere conosciuta amata ed esplorata a fondo in tutti i suoi aspetti: cultura e tradizioni, arte ed artigianato, natura e storia.<\/p>\n","protected":false},"excerpt":{"rendered":"<p>Ponte del 2 maggio a Torre Vado, per assaporare in anticipo quello che sar\u00e0 il piacevole intervallo delle prossime vacanze estive. Ammirare il mare pregustando le lunghe nuotate, i tuffi e le immersioni future. Se poi il tempo \u00e8 particolarmente favorevole si potr\u00e0 anche tentare anche qualche timido approccio in mare con brevi nuotate, tanto &hellip; <a href=\"https:\/\/www.torrevado.org\/index.php\/torre-vado\/ponte-del-2-maggio-a-torre-vado.html\" class=\"more-link\">Continua a leggere <span class=\"screen-reader-text\">Ponte del 2 maggio a Torre Vado<\/span><\/a><\/p>\n","protected":false},"author":2,"featured_media":0,"comment_status":"open","ping_status":"closed","sticky":false,"template":"","format":"standard","meta":{"footnotes":""},"categories":[1],"tags":[104,100,99],"class_list":["post-227","post","type-post","status-publish","format-standard","hentry","category-torre-vado","tag-puglia","tag-salento","tag-torre-vado"],"aioseo_notices":[],"_links":{"self":[{"href":"https:\/\/www.torrevado.org\/index.php\/wp-json\/wp\/v2\/posts\/227","targetHints":{"allow":["GET"]}}],"collection":[{"href":"https:\/\/www.torrevado.org\/index.php\/wp-json\/wp\/v2\/posts"}],"about":[{"href":"https:\/\/www.torrevado.org\/index.php\/wp-json\/wp\/v2\/types\/post"}],"author":[{"embeddable":true,"href":"https:\/\/www.torrevado.org\/index.php\/wp-json\/wp\/v2\/users\/2"}],"replies":[{"embeddable":true,"href":"https:\/\/www.torrevado.org\/index.php\/wp-json\/wp\/v2\/comments?post=227"}],"version-history":[{"count":3,"href":"https:\/\/www.torrevado.org\/index.php\/wp-json\/wp\/v2\/posts\/227\/revisions"}],"predecessor-version":[{"id":263,"href":"https:\/\/www.torrevado.org\/index.php\/wp-json\/wp\/v2\/posts\/227\/revisions\/263"}],"wp:attachment":[{"href":"https:\/\/www.torrevado.org\/index.php\/wp-json\/wp\/v2\/media?parent=227"}],"wp:term":[{"taxonomy":"category","embeddable":true,"href":"https:\/\/www.torrevado.org\/index.php\/wp-json\/wp\/v2\/categories?post=227"},{"taxonomy":"post_tag","embeddable":true,"href":"https:\/\/www.torrevado.org\/index.php\/wp-json\/wp\/v2\/tags?post=227"}],"curies":[{"name":"wp","href":"https:\/\/api.w.org\/{rel}","templated":true}]}}