{"id":163,"date":"2011-05-21T11:10:24","date_gmt":"2011-05-21T09:10:24","guid":{"rendered":"http:\/\/www.torrevado.org\/?p=163"},"modified":"2012-03-11T17:37:56","modified_gmt":"2012-03-11T15:37:56","slug":"ll-relitto-della-nave-turca-davanti-a-torre-vado","status":"publish","type":"post","link":"https:\/\/www.torrevado.org\/index.php\/torre-vado\/ll-relitto-della-nave-turca-davanti-a-torre-vado.html","title":{"rendered":"ll relitto della nave turca davanti a Torre Vado"},"content":{"rendered":"<p>Il 28 giugno del 2007 una nave cargo battente bandiera turca si inabissava proprio davanti al porto di <strong>Torre Vado<\/strong>. Non si sanno per certo i motivi di quanto \u00e8 accaduto, ma il fatto che la nave trasportasse bobine di filo di ferro, e che il tutto sia avvenuto quando il mare era particolarmente burrascoso fa pensare che probabilmente il cargo si sia piegato sotto la spinta delle onde ed il carico pesante ne abbia aggravato la pendenza finch\u00e8 la nave, nonostante gli sforzi dell&#8217;equipaggio, si sia trovata ad un certo punto ad imbarcare acqua e sia quindi poi affondata.<\/p>\n<p><a href=\"https:\/\/www.torrevado.org\/wp-content\/uploads\/2009\/05\/portotorreva_fr.jpg\"><img loading=\"lazy\" decoding=\"async\" class=\"alignnone size-medium wp-image-165\" src=\"https:\/\/www.torrevado.org\/wp-content\/uploads\/2009\/05\/portotorreva_fr-300x225.jpg\" alt=\"\" width=\"300\" height=\"225\" srcset=\"https:\/\/www.torrevado.org\/wp-content\/uploads\/2009\/05\/portotorreva_fr-300x225.jpg 300w, https:\/\/www.torrevado.org\/wp-content\/uploads\/2009\/05\/portotorreva_fr.jpg 500w\" sizes=\"auto, (max-width: 300px) 100vw, 300px\" \/><\/a><\/p>\n<p>Oggi il relitto si trova a 24 metri sul fondo del mare, e non sussiste pi\u00f9 il pericolo che esso possa rappresentare un rischio dal punto di vista dell&#8217;inquinamento perch\u00e8 le operazioni di bonifica sono state veloci ed approfondite privando la nave di tutto ci\u00f2 che nel carico poteva essere particolarmente dannoso, il carburante, gli oli, vernici e solventi nonch\u00e9 alla rimozione delle parti, come l&#8217;albero che affiorando a poca distanza dalla superficie dell&#8217;acqua avrebbero potuto costituire un problema alle imbarcazioni che fossero passate in zona.<\/p>\n<p><iframe loading=\"lazy\" title=\"Il relitto di Torre Vado.mp4\" width=\"660\" height=\"495\" src=\"https:\/\/www.youtube.com\/embed\/ccJxDClsT8c?feature=oembed\" frameborder=\"0\" allow=\"accelerometer; autoplay; clipboard-write; encrypted-media; gyroscope; picture-in-picture; web-share\" referrerpolicy=\"strict-origin-when-cross-origin\" allowfullscreen><\/iframe><\/p>\n<p>Oggi questo <strong>relitto<\/strong> \u00e8 diventato una meta conosciuta ed apprezzata per gli appassionati di immersioni, che si recano a visitare il relitto perfettamente adagiato sul fondo del mare come se fosse ancora in navigazione. Anzi la sua presenza potrebbe addirittura, una volta scampato il pericolo di un disastro ambientale, costituire un ottima occasione per il ripopolamento ittico del mare intorno a Torre Vado, ed in questo senso le <strong>associazioni di diving e di sub<\/strong> che prosperano intorno al piccolo centro salentino si stanno battendo perch\u00e8 la nave affondata resti l\u00ec dov&#8217;\u00e8.<\/p>\n<p><strong><a href=\"https:\/\/www.torrevado.info\/news\/index.php\/2010\/05\/il-relitto-di-torre-vado-tevfik-kaptan.html\" target=\"_blank\">Il relitto perfetto del salento<\/a><\/strong><\/p>\n","protected":false},"excerpt":{"rendered":"<p>Il 28 giugno del 2007 una nave cargo battente bandiera turca si inabissava proprio davanti al porto di Torre Vado. Non si sanno per certo i motivi di quanto \u00e8 accaduto, ma il fatto che la nave trasportasse bobine di filo di ferro, e che il tutto sia avvenuto quando il mare era particolarmente burrascoso &hellip; <a href=\"https:\/\/www.torrevado.org\/index.php\/torre-vado\/ll-relitto-della-nave-turca-davanti-a-torre-vado.html\" class=\"more-link\">Continua a leggere <span class=\"screen-reader-text\">ll relitto della nave turca davanti a Torre Vado<\/span><\/a><\/p>\n","protected":false},"author":2,"featured_media":0,"comment_status":"open","ping_status":"closed","sticky":false,"template":"","format":"standard","meta":{"footnotes":""},"categories":[1],"tags":[100,99],"class_list":["post-163","post","type-post","status-publish","format-standard","hentry","category-torre-vado","tag-salento","tag-torre-vado"],"aioseo_notices":[],"_links":{"self":[{"href":"https:\/\/www.torrevado.org\/index.php\/wp-json\/wp\/v2\/posts\/163","targetHints":{"allow":["GET"]}}],"collection":[{"href":"https:\/\/www.torrevado.org\/index.php\/wp-json\/wp\/v2\/posts"}],"about":[{"href":"https:\/\/www.torrevado.org\/index.php\/wp-json\/wp\/v2\/types\/post"}],"author":[{"embeddable":true,"href":"https:\/\/www.torrevado.org\/index.php\/wp-json\/wp\/v2\/users\/2"}],"replies":[{"embeddable":true,"href":"https:\/\/www.torrevado.org\/index.php\/wp-json\/wp\/v2\/comments?post=163"}],"version-history":[{"count":4,"href":"https:\/\/www.torrevado.org\/index.php\/wp-json\/wp\/v2\/posts\/163\/revisions"}],"predecessor-version":[{"id":388,"href":"https:\/\/www.torrevado.org\/index.php\/wp-json\/wp\/v2\/posts\/163\/revisions\/388"}],"wp:attachment":[{"href":"https:\/\/www.torrevado.org\/index.php\/wp-json\/wp\/v2\/media?parent=163"}],"wp:term":[{"taxonomy":"category","embeddable":true,"href":"https:\/\/www.torrevado.org\/index.php\/wp-json\/wp\/v2\/categories?post=163"},{"taxonomy":"post_tag","embeddable":true,"href":"https:\/\/www.torrevado.org\/index.php\/wp-json\/wp\/v2\/tags?post=163"}],"curies":[{"name":"wp","href":"https:\/\/api.w.org\/{rel}","templated":true}]}}